{"id":351,"date":"2020-09-08T16:14:45","date_gmt":"2020-09-08T16:14:45","guid":{"rendered":"http:\/\/reisefotograf.org\/?p=351"},"modified":"2020-09-12T12:05:07","modified_gmt":"2020-09-12T12:05:07","slug":"achensee-im-sommer","status":"publish","type":"post","link":"https:\/\/reisefotograf.org\/?p=351","title":{"rendered":"Achensee im Sommer."},"content":{"rendered":"\n<p class=\"has-drop-cap\"><\/p>\n\n\n\n<p class=\"has-drop-cap\">Wie oft sind wir im M\u00e4rz am  Achensee gewesen und haben die Ruhe im Ort Pertisau in dieser Zeit genossen.  Eine  Vielzahl von  Hotels sind nun geschlossen und der Ort  befindet sich in einer Art &#8222;Winterschlaf&#8220;. Wie w\u00fcrde es uns eigentlich hier  im Sommer gefallen, wenn der Ort zum Leben erwacht ist fragten wir uns und wollten dies einmal erleben. Gesagt getan. Der n\u00e4chste Sommer ist da und wir buchen. <span class=\"has-inline-color has-vivid-red-color\">(Hinweis!  Das genannte Hotel ist unser pers\u00f6nlicher Favorit. Es gibt und gab keine Verg\u00fcnstigungen oder Zahlungen vom Hotel an uns durch die Nennung in diesem Reisebericht)<\/span><\/p>\n\n\n\n<div class=\"wp-block-image\"><figure class=\"aligncenter size-large\"><img loading=\"lazy\" decoding=\"async\" width=\"1024\" height=\"748\" src=\"http:\/\/reisefotograf.org\/wp-content\/uploads\/2020\/05\/File_003-1024x748.jpg\" alt=\"\" class=\"wp-image-304\"\/><figcaption>Travel Charme Hotel F\u00fcrstenhaus in Pertisau<\/figcaption><\/figure><\/div>\n\n\n\n<div class=\"wp-block-media-text alignwide is-stacked-on-mobile\"><figure class=\"wp-block-media-text__media\"><img loading=\"lazy\" decoding=\"async\" width=\"738\" height=\"1024\" src=\"http:\/\/reisefotograf.org\/wp-content\/uploads\/2020\/05\/PD_0_File_002-738x1024.jpg\" alt=\"\" class=\"wp-image-321\"\/><\/figure><div class=\"wp-block-media-text__content\">\n<p>So, angekommen am Achensee im Travel Charme Hotel F\u00fcrstenhaus. Hier haben wir immer gewohnt, gegessen und es uns gut gehen lassen. Das Zimmer befindet sich auf der Seite des Karwendelgebirges und nicht zur Seeseite, denn Wasser haben wir in Hamburg genug und die Nachmittags- sonne ist halt auch nur auf der Bergseite zu genie\u00dfen. Somit eine gute Wahl. Beim Fr\u00fchst\u00fcck im Restaurant k\u00f6nnen wir die Morgensonne und den fantastischen Blick auf den See genie\u00dfen. Ab und zu ert\u00f6nt das Schiffshorn der Ausflugsdampfer. Hier l\u00e4\u00dft es sich aushalten. Dies hatte bereits im Jahre 1466 Kaiser Maximilian I. erkannt und das F\u00fcrstenhaus zum Fischen als kaiserliche Herberge errichten lassen. Maximilian II. erweiterte das F\u00fcrstenhaus dann im Jahre 1568-70 um Stallungen und ein Lusthaus. In dem Lusthaus ist heute die Bar untergebracht in dem wir den ein oder anderen Grappa oder Cocktail zu uns nehmen werden. Wir sind also in bester Umgebung. \ud83d\ude42<\/p>\n<\/div><\/div>\n\n\n\n<div class=\"wp-block-media-text alignwide has-media-on-the-right is-stacked-on-mobile\"><figure class=\"wp-block-media-text__media\"><img loading=\"lazy\" decoding=\"async\" width=\"1024\" height=\"782\" src=\"http:\/\/reisefotograf.org\/wp-content\/uploads\/2020\/05\/File_010-1024x782.jpg\" alt=\"\" class=\"wp-image-311\"\/><\/figure><div class=\"wp-block-media-text__content\">\n<p>Der Ausblick auf den See ist einmalig. Besonders am Vormittag, wenn die Sonne scheint, sind die Lichtverh\u00e4ltnisse sehr gut und die Farben leuchten. Im Laufe des Tages \u00e4ndern sie sich und so sieht der Achensee immer wieder anders aus. Das Wasser leuchtet mal t\u00fcrkis, dann wieder dunkelblau, je nach Sonnen- und Wasserstand. Auf Grund seiner Gr\u00f6\u00dfe wird der See auch Tiroler Meer genannt.<\/p>\n<\/div><\/div>\n\n\n\n<p><\/p>\n\n\n\n<p><\/p>\n\n\n\n<div class=\"wp-block-media-text alignwide has-media-on-the-right is-stacked-on-mobile\"><figure class=\"wp-block-media-text__media\"><img loading=\"lazy\" decoding=\"async\" width=\"1000\" height=\"750\" src=\"http:\/\/reisefotograf.org\/wp-content\/uploads\/2020\/05\/File_011-scaled-e1590067279277.jpg\" alt=\"\" class=\"wp-image-312\"\/><\/figure><div class=\"wp-block-media-text__content\">\n<p>Bei diesem Anblick ist es kaum zu glauben, dass der Achensee nicht immer so idyllisch daher kommt. Bei schlechtem Wetter kann es schon mal sehr ungem\u00fctlich werden. Durch die Seegr\u00f6\u00dfe und die angrenzenden Berge entstehen zum Teil sehr starke Winde.Bei einer Tiefe bis zu 133&nbsp;m ist er der gr\u00f6\u00dfte&nbsp;See&nbsp;Tirols und hat eine hervorragende Wasserqualit\u00e4t. Da er ein Gebirgssee ist \u00fcberschreitet die Wassertemperatur nur sehr selten die 20 \u00b0C. Durch die optimalen Windverh\u00e4ltnisse wird der See bei Seglern, Surfern und Drachenfliegern auch als Tiroler Meer bezeichnet.<\/p>\n<\/div><\/div>\n\n\n\n<div class=\"wp-block-media-text alignwide is-stacked-on-mobile\"><figure class=\"wp-block-media-text__media\"><img loading=\"lazy\" decoding=\"async\" width=\"750\" height=\"1000\" src=\"http:\/\/reisefotograf.org\/wp-content\/uploads\/2020\/05\/PD_0_File_006-scaled-e1590068884432.jpg\" alt=\"\" class=\"wp-image-325\"\/><\/figure><div class=\"wp-block-media-text__content\">\n<p>Ganz mit dem Auto kann  der Achensee nicht umfahren werden. \u00dcber das  Ostufer verl\u00e4uft zwischen Achenkirch und Maurach die Achenseestra\u00dfe&nbsp; mit  zahlreichen Tunneln,  Durchblicken zum Wasser und zu den steil am Westufer abfallenden Gipfeln des Karwendelgebirges <\/p>\n\n\n\n<p>Am S\u00fcdufer kann man die Ortschaften  Eben, Seespitz und Pertisau \u00fcber eine Nebenstra\u00dfe erreichen.<\/p>\n\n\n\n<p>Nur zu Fu\u00df begehbar, aber absolut empfehlenswert ist das Westufer entlang der steilen Kalksteinw\u00e4nde  zwischen Pertisau und Achenkirch.  Der Weg \u00fcberquert mehrere&nbsp;Kare und den aus der Gaisalmklamm flie\u00dfenden Bach. Er geht hoch \u00fcber den See,  wird teilweise mit Drahtseilen gesichert und erfordert Trittsicherheit und Schwindelfreiheit. <\/p>\n\n\n\n<p><strong>Auf der n\u00e4chsten Seite erfahrt Ihr mehr dar\u00fcber. Auf gehts \ud83d\ude42<\/strong><\/p>\n<\/div><\/div>\n\n\n\n<div class=\"wp-block-group is-layout-flow wp-block-group-is-layout-flow\"><div class=\"wp-block-group__inner-container\"><\/div><\/div>\n\n\n\n<!--nextpage-->\n\n\n\n<h2 class=\"wp-block-heading\">Auf dem Marien- und Gaisalmsteig<\/h2>\n\n\n\n<figure class=\"wp-block-image size-large\"><img loading=\"lazy\" decoding=\"async\" width=\"1000\" height=\"750\" src=\"http:\/\/reisefotograf.org\/wp-content\/uploads\/2020\/05\/File_015-scaled-e1590067563972.jpg\" alt=\"\" class=\"wp-image-316\"\/><\/figure>\n\n\n\n<p class=\"has-drop-cap\">Dieser sogenannte Steig beginnt in Pertisau und sollte durch seine teilweise schwierige Wegstrecke entlang des Achensee nur mit festem Schuhwerk begangen werden. Am Anfang ist der Mariensteig ein ganz normaler Wanderweg, der dann aber nach ein paar Kilometern immer schmaler wird, um dann direkt am Felsen in ziemlicher H\u00f6he ( bis zu 96 m) weiter geht.<\/p>\n\n\n\n<div class=\"wp-block-media-text alignwide is-stacked-on-mobile\" style=\"grid-template-columns:51% auto\"><figure class=\"wp-block-media-text__media\"><img loading=\"lazy\" decoding=\"async\" width=\"1000\" height=\"750\" src=\"http:\/\/reisefotograf.org\/wp-content\/uploads\/2020\/05\/PD_7_File_004-scaled-e1590069263944.jpg\" alt=\"\" class=\"wp-image-330\"\/><\/figure><div class=\"wp-block-media-text__content\">\n<p> Trotz der schmalen Wegf\u00fchrung sind hier jede Menge Leute unterwegs und so wird es bei Gegenverkehr manches Mal sehr eng. Bei sehr schmalen Wegabschnitten sind an der Felswand Seile befestigt, an denen man sich festhalten kann. Es gibt Stellen an denen der Boden weggebrochen ist. Dort sind dann kleine Holzstege oder Planken aufgelegt, die das Wandern erleichtern und ein Abst\u00fcrzen verhindern. <\/p>\n<\/div><\/div>\n\n\n\n<div class=\"wp-block-media-text alignwide is-stacked-on-mobile\"><figure class=\"wp-block-media-text__media\"><img loading=\"lazy\" decoding=\"async\" width=\"1024\" height=\"683\" src=\"http:\/\/reisefotograf.org\/wp-content\/uploads\/2020\/05\/File_005-1024x683.jpg\" alt=\"\" class=\"wp-image-306\"\/><\/figure><div class=\"wp-block-media-text__content\">\n<p>An der Gaisalm, einem Restaurant direkt am Seeufer, h\u00f6rt der Mariensteig auf. Hier kann man eine Pause einlegen, etwas essen und trinken. Da sich dort auch eine Anlegestelle<br>der Achenseeschifffahrt befindet, ist es dort doch sehr voll. Von hier aus geht es den Gaisalmsteig ( bis zu 210m) hoch. Hier befindet sich ein Schild, auf dem geschrieben steht: \u201eGaisalmsteig, nur von Ge\u00fcbten zu begehen. Bei Frost, Vereisung,<br>Schneedecke und Unwetter Begehen lebensgef\u00e4hrlich und daher verboten! Befahren mit Mountainbikes strengstens verboten!\u201c<br><\/p>\n<\/div><\/div>\n\n\n\n<div class=\"wp-block-media-text alignwide is-stacked-on-mobile\"><figure class=\"wp-block-media-text__media\"><img loading=\"lazy\" decoding=\"async\" width=\"1000\" height=\"750\" src=\"http:\/\/reisefotograf.org\/wp-content\/uploads\/2020\/05\/PD_8_File_003-scaled-e1590069453658.jpg\" alt=\"\" class=\"wp-image-332\"\/><\/figure><div class=\"wp-block-media-text__content\">\n<p>Am Schild  beginnt eine h\u00f6lzerne Treppe, die zun\u00e4chst steil nach oben geht, ab und zu unterbrochen wird und durch kurze Wege \u00fcber die Felsen f\u00fchrt. Zum Festhalten sind Seile am Felsen angebracht. Also alles andere als ein Sparziergang, aber mit einer fantastischen Aussicht. Im Sommer sehr zu empfehlen!!<\/p>\n<\/div><\/div>\n\n\n\n<div style=\"height:100px\" aria-hidden=\"true\" class=\"wp-block-spacer\"><\/div>\n\n\n\n<div class=\"wp-block-media-text alignwide is-stacked-on-mobile\"><figure class=\"wp-block-media-text__media\"><img loading=\"lazy\" decoding=\"async\" width=\"750\" height=\"1000\" src=\"http:\/\/reisefotograf.org\/wp-content\/uploads\/2020\/05\/PD_7_File_001-scaled-e1590068989178.jpg\" alt=\"\" class=\"wp-image-327\"\/><\/figure><div class=\"wp-block-media-text__content\">\n<p>Ja, es wird dann doch das eine oder andere Mal eng und auch sehr nass, wie man hier sehr sch\u00f6n sehen kann. Auf der gesamten Wegstecke muss mit kleinen Wasserf\u00e4llen gerechnet werden. Bei sommerlichen Temperaturen ist dies eine erfrischende Abwechslung.<br>Es gibt Stellen an denen der Boden weggebrochen ist. Dort sind dann kleine Holzstege oder Planken aufgelegt, die das Wandern erleichtern und ein<br>Abst\u00fcrzen verhindern.<\/p>\n<\/div><\/div>\n\n\n\n<p><\/p>\n\n\n\n<div style=\"height:100px\" aria-hidden=\"true\" class=\"wp-block-spacer\"><\/div>\n\n\n\n<h2 class=\"wp-block-heading\">zu Gast auf der Gramaialm<\/h2>\n\n\n\n<figure class=\"wp-block-image size-large\"><img loading=\"lazy\" decoding=\"async\" width=\"1000\" height=\"750\" src=\"http:\/\/reisefotograf.org\/wp-content\/uploads\/2020\/05\/PD_9_File_001-scaled-e1590069660716.jpg\" alt=\"\" class=\"wp-image-333\"\/><\/figure>\n\n\n\n<p class=\"has-drop-cap\">Was im Winter per Auto nicht zu erreichen ist, funktioniert im Sommer um so besser. Wir fahren von Pertisau aus in die angrenzenden Berge und besuchen die Gramaialm. Ein stark frequentiertes Ausflugslokal, in dem man auch wohnen kann. Hier gibt es hausgemachte Buttermilch, K\u00e4se und Wurst in uriger Atmosph\u00e4re und toller Aussicht. Von hier aus kann man auch sch\u00f6ne Bergwandertouren starten.<\/p>\n\n\n\n<figure class=\"wp-block-gallery columns-2 is-cropped wp-block-gallery-1 is-layout-flex wp-block-gallery-is-layout-flex\"><ul class=\"blocks-gallery-grid\"><li class=\"blocks-gallery-item\"><figure><img loading=\"lazy\" decoding=\"async\" width=\"1000\" height=\"750\" src=\"http:\/\/reisefotograf.org\/wp-content\/uploads\/2020\/05\/PD_9_File_003-scaled-e1590069810864.jpg\" alt=\"\" data-id=\"335\" data-full-url=\"http:\/\/reisefotograf.org\/wp-content\/uploads\/2020\/05\/PD_9_File_003-scaled-e1590069810864.jpg\" data-link=\"http:\/\/reisefotograf.org\/?attachment_id=335\" class=\"wp-image-335\"\/><\/figure><\/li><li class=\"blocks-gallery-item\"><figure><img loading=\"lazy\" decoding=\"async\" width=\"1000\" height=\"750\" src=\"http:\/\/reisefotograf.org\/wp-content\/uploads\/2020\/05\/PD_9_File_002-scaled-e1590069729549.jpg\" alt=\"\" data-id=\"334\" data-full-url=\"http:\/\/reisefotograf.org\/wp-content\/uploads\/2020\/05\/PD_9_File_002-scaled-e1590069729549.jpg\" data-link=\"http:\/\/reisefotograf.org\/?attachment_id=334\" class=\"wp-image-334\"\/><\/figure><\/li><\/ul><\/figure>\n\n\n\n<h2 class=\"wp-block-heading\">Drachenflug \u00fcber dem See<\/h2>\n\n\n\n<p class=\"has-drop-cap\">Eine sportliche Variante bietet sich am Achensee mit dem Drachenflug. Einmal den Achensee von oben sehen! Was liegt hier n\u00e4her, an einem Gleitschirm die Aussicht zu genie\u00dfen. Wir ziehen es allerdings vor, die Aussicht vom sicheren Boden aus zu betrachten und so fahren wir per Karwendel- Bergbahn auf den Zw\u00f6lferkopf. Von hier aus haben wir einen fantastischen Blick auf den See und k\u00f6nnen nebenbei auch noch die Starts der Drachenflieger miterleben.<\/p>\n\n\n\n<figure class=\"wp-block-image size-large\"><img loading=\"lazy\" decoding=\"async\" width=\"1000\" height=\"750\" src=\"http:\/\/reisefotograf.org\/wp-content\/uploads\/2020\/05\/File_004-scaled-e1590066599504.jpg\" alt=\"\" class=\"wp-image-305\"\/><\/figure>\n\n\n\n<p>So weit zu den Ausflugszielen die wir am Achensee bis jetzt besucht haben . Es gibt aber noch weitere Zeile die nicht weit weg sind und mit dem Auto gut zu erreichen sind. Weiter gehts zur n\u00e4chsten Seite \ud83d\ude42<\/p>\n\n\n\n<!--nextpage-->\n\n\n\n<h2 class=\"has-text-align-left wp-block-heading\">Ziele die gut zu erreichen sind&#8230; das Stubaital<\/h2>\n\n\n\n<figure class=\"wp-block-image size-large\"><img loading=\"lazy\" decoding=\"async\" width=\"1000\" height=\"750\" src=\"http:\/\/reisefotograf.org\/wp-content\/uploads\/2020\/05\/PD_10_File_001-scaled-e1590070211566.jpg\" alt=\"\" class=\"wp-image-339\"\/><\/figure>\n\n\n\n<p class=\"has-drop-cap\">Hauptfluss des Tales ist die Ruetz, die unterhalb der Brennerstra\u00dfe bei der Stefansbr\u00fccke auf 680 m Seeh\u00f6he in die Sill m\u00fcndet. Die gr\u00f6\u00dften Seitent\u00e4ler sind das Schlicker-, das Pinnis- und das Oberbergtal. Im Einzugsgebiet liegen knapp zwanzig gr\u00f6\u00dfere und eine Anzahl kleinerer Gletscher, wodurch die Ruetz einen ausgepr\u00e4gten Gletscherbach-Charakter aufweist, mit tages- und jahreszeitlich stark wechselnden Abflussmengen (Quelle: Wikipedia)<\/p>\n\n\n\n<div class=\"wp-block-media-text alignwide is-stacked-on-mobile\"><figure class=\"wp-block-media-text__media\"><img loading=\"lazy\" decoding=\"async\" width=\"768\" height=\"1024\" src=\"http:\/\/reisefotograf.org\/wp-content\/uploads\/2020\/05\/PD_9_File_004-768x1024.jpg\" alt=\"\" class=\"wp-image-336\"\/><\/figure><div class=\"wp-block-media-text__content\">\n<p>Hier noch ein paar Fakten:<\/p>\n\n\n\n<p><br>Das Stubaital, das gr\u00f6\u00dfte Seitental des Wipptals, liegt s\u00fcdwestlich von Innsbruck. Im vorderen Bereich wird es beidseitig durch steilwandigen Dolomitst\u00f6cke<br>(Kalkk\u00f6gel und Serleskamm) gerahmt. Ab der Talmitte steigen die Gipfelh\u00f6hen zum abschlie\u00dfenden Alpenhauptkamm hin stetig bis auf 3.507 m (Zuckerh\u00fctl) an.<br>Weitere bekannte und unter Bergsteigern begehrte Gipfel der Stubaier Alpen sind der Habicht (3.277 m), der Wilde Freiger(3.418 m), der Schrankogel (3.496 m)<br>und die Ruderhofspitze (3.473 m). Die gestreckte Tallinie erlaubt fast von jeder Stelle aus den freien Blick auf den vergletscherten Talabschluss.<br><br><\/p>\n<\/div><\/div>\n\n\n\n<div class=\"wp-block-media-text alignwide is-stacked-on-mobile\"><figure class=\"wp-block-media-text__media\"><img loading=\"lazy\" decoding=\"async\" width=\"768\" height=\"1024\" src=\"http:\/\/reisefotograf.org\/wp-content\/uploads\/2020\/05\/PD_9_File_005-768x1024.jpg\" alt=\"\" class=\"wp-image-337\"\/><\/figure><div class=\"wp-block-media-text__content\">\n<p>Im Zusammenwirken mit der Symmetrie beider Talflanken ergibt sich ein ausgepr\u00e4gt harmonisches Landschaftsbild, das schon in alter Literatur oft gepriesen wurde. Hauptfluss des Tales ist die Ruetz, die unterhalb der Brennerstra\u00dfe bei der Stefansbr\u00fccke auf 680 m Seeh\u00f6he in die Sill m\u00fcndet. Die gr\u00f6\u00dften Seitent\u00e4ler sind<br>das Schlicker-, das Pinnis- und das Oberbergtal. Im Einzugsgebiet liegen knapp zwanzig gr\u00f6\u00dfere und eine Anzahl kleinerer Gletscher, wodurch die Ruetz einen<br>ausgepr\u00e4gten Gletscherbach-Charakter aufweist, mit tages- und jahreszeitlich stark wechselnden Abflussmengen (Quelle: Wikipedia)<\/p>\n<\/div><\/div>\n\n\n\n<figure class=\"wp-block-image size-large\"><img loading=\"lazy\" decoding=\"async\" width=\"1024\" height=\"768\" src=\"http:\/\/reisefotograf.org\/wp-content\/uploads\/2020\/05\/PD_9_File_007-1024x768.jpg\" alt=\"\" class=\"wp-image-338\"\/><\/figure>\n\n\n\n<div style=\"height:100px\" aria-hidden=\"true\" class=\"wp-block-spacer\"><\/div>\n\n\n\n<div class=\"wp-block-media-text alignwide has-media-on-the-right is-stacked-on-mobile\"><figure class=\"wp-block-media-text__media\"><img loading=\"lazy\" decoding=\"async\" width=\"750\" height=\"1000\" src=\"http:\/\/reisefotograf.org\/wp-content\/uploads\/2020\/05\/PD_12_File_001-scaled-e1590233037912.jpg\" alt=\"\" class=\"wp-image-341\"\/><\/figure><div class=\"wp-block-media-text__content\">\n<h2 class=\"wp-block-heading\">Innsbruck &amp; Swarovsky<\/h2>\n\n\n\n<p class=\"has-drop-cap\">Beim Besuch in Innsbruck entdecken wir in der Altstadt die fantastische Einkaufswelt von Swarovsky. Hier k\u00f6nnen wir tolle Dinge sehen, bestaunen und anfassen. Nat\u00fcrlich zu einem sehr stolzen Preis. Seit dem Sommer 2011 ist der Shop noch heller als zuvor: als ein lichterf\u00fclltes, modernes Shopping-Ambiente in Verbindung mit jahrhunderte alten, zum Teil bis in die Gotik zur\u00fcckreichenden Bauelementen und Installationen bedeutender Gegenwartsk\u00fcnstler.<\/p>\n<\/div><\/div>\n\n\n\n<figure class=\"wp-block-image size-large\"><img loading=\"lazy\" decoding=\"async\" width=\"1000\" height=\"750\" src=\"http:\/\/reisefotograf.org\/wp-content\/uploads\/2020\/05\/PD_12_File_006-scaled-e1590233311932.jpg\" alt=\"\" class=\"wp-image-344\"\/><\/figure>\n\n\n\n<div class=\"wp-block-media-text alignwide has-media-on-the-right is-stacked-on-mobile\"><figure class=\"wp-block-media-text__media\"><img loading=\"lazy\" decoding=\"async\" width=\"750\" height=\"1000\" src=\"http:\/\/reisefotograf.org\/wp-content\/uploads\/2020\/05\/PD_13_File_005-scaled-e1590233489112.jpg\" alt=\"\" class=\"wp-image-346\"\/><\/figure><div class=\"wp-block-media-text__content\">\n<p>Wir sind aber nicht nur zum Shoppen in Innsbruck. Durch den historischen Stadtkern ist die Stadt sehr sehenswert und das goldene Dachl ist weltbekannt<br>(und ich Depp hab kein Foto gemacht). Klar, dass dort die meisten Touristen herumlaufen. Viele Touristen kommen auch wegen etablierter Veranstaltungen<br>wie dem Tanzsommer, den Festwochen der Alten Musik und den Ambraser Schlosskonzerten. Sehr beliebt, speziell bei G\u00e4sten aus Italien, sind Christkindlmarkt<br>und Bergsilvester.<\/p>\n<\/div><\/div>\n\n\n\n<div style=\"height:23px\" aria-hidden=\"true\" class=\"wp-block-spacer\"><\/div>\n\n\n\n<figure class=\"wp-block-gallery columns-2 is-cropped wp-block-gallery-2 is-layout-flex wp-block-gallery-is-layout-flex\"><ul class=\"blocks-gallery-grid\"><li class=\"blocks-gallery-item\"><figure><img loading=\"lazy\" decoding=\"async\" width=\"1000\" height=\"750\" src=\"http:\/\/reisefotograf.org\/wp-content\/uploads\/2020\/05\/PD_13_File_006-scaled-e1590233546725.jpg\" alt=\"\" data-id=\"347\" data-full-url=\"http:\/\/reisefotograf.org\/wp-content\/uploads\/2020\/05\/PD_13_File_006-scaled-e1590233546725.jpg\" data-link=\"http:\/\/reisefotograf.org\/?attachment_id=347\" class=\"wp-image-347\"\/><\/figure><\/li><li class=\"blocks-gallery-item\"><figure><img loading=\"lazy\" decoding=\"async\" width=\"1000\" height=\"750\" src=\"http:\/\/reisefotograf.org\/wp-content\/uploads\/2020\/05\/PD_13_File_008-scaled-e1590233675464.jpg\" alt=\"\" data-id=\"349\" data-full-url=\"http:\/\/reisefotograf.org\/wp-content\/uploads\/2020\/05\/PD_13_File_008-scaled-e1590233675464.jpg\" data-link=\"http:\/\/reisefotograf.org\/?attachment_id=349\" class=\"wp-image-349\"\/><\/figure><\/li><li class=\"blocks-gallery-item\"><figure><img loading=\"lazy\" decoding=\"async\" width=\"1000\" height=\"750\" src=\"http:\/\/reisefotograf.org\/wp-content\/uploads\/2020\/05\/PD_13_File_007-scaled-e1590233608956.jpg\" alt=\"\" data-id=\"348\" data-full-url=\"http:\/\/reisefotograf.org\/wp-content\/uploads\/2020\/05\/PD_13_File_007-scaled-e1590233608956.jpg\" data-link=\"http:\/\/reisefotograf.org\/?attachment_id=348\" class=\"wp-image-348\"\/><\/figure><\/li><\/ul><\/figure>\n\n\n\n<p><strong>So wir hoffen das Euch die kleine Reise nach \u00d6sterreich gefallen hat und w\u00fcrden uns freuen, euch weiter mit spannenden Reise unterhalten zu k\u00f6nnen. Bis bald!<\/strong><\/p>\n","protected":false},"excerpt":{"rendered":"<div class=\"mh-excerpt\"><p>Wie oft sind wir im M\u00e4rz am Achensee gewesen und haben die Ruhe im Ort Pertisau in dieser Zeit genossen. Eine Vielzahl von Hotels sind <a class=\"mh-excerpt-more\" href=\"https:\/\/reisefotograf.org\/?p=351\" title=\"Achensee im Sommer.\">[&#8230;]<\/a><\/p>\n<\/div>","protected":false},"author":1,"featured_media":319,"comment_status":"closed","ping_status":"open","sticky":false,"template":"","format":"standard","meta":{"saved_in_kubio":false,"footnotes":""},"categories":[1],"tags":[30,33,36,37,34,39,35,31,32,38],"class_list":["post-351","post","type-post","status-publish","format-standard","has-post-thumbnail","hentry","category-reisen","tag-achensse","tag-drachenflug","tag-gaisalmsteig","tag-geisalm","tag-gramaialm","tag-innsbruck","tag-mariensteig","tag-oestereich","tag-pertisau","tag-stubaital"],"_links":{"self":[{"href":"https:\/\/reisefotograf.org\/index.php?rest_route=\/wp\/v2\/posts\/351","targetHints":{"allow":["GET"]}}],"collection":[{"href":"https:\/\/reisefotograf.org\/index.php?rest_route=\/wp\/v2\/posts"}],"about":[{"href":"https:\/\/reisefotograf.org\/index.php?rest_route=\/wp\/v2\/types\/post"}],"author":[{"embeddable":true,"href":"https:\/\/reisefotograf.org\/index.php?rest_route=\/wp\/v2\/users\/1"}],"replies":[{"embeddable":true,"href":"https:\/\/reisefotograf.org\/index.php?rest_route=%2Fwp%2Fv2%2Fcomments&post=351"}],"version-history":[{"count":88,"href":"https:\/\/reisefotograf.org\/index.php?rest_route=\/wp\/v2\/posts\/351\/revisions"}],"predecessor-version":[{"id":468,"href":"https:\/\/reisefotograf.org\/index.php?rest_route=\/wp\/v2\/posts\/351\/revisions\/468"}],"wp:featuredmedia":[{"embeddable":true,"href":"https:\/\/reisefotograf.org\/index.php?rest_route=\/wp\/v2\/media\/319"}],"wp:attachment":[{"href":"https:\/\/reisefotograf.org\/index.php?rest_route=%2Fwp%2Fv2%2Fmedia&parent=351"}],"wp:term":[{"taxonomy":"category","embeddable":true,"href":"https:\/\/reisefotograf.org\/index.php?rest_route=%2Fwp%2Fv2%2Fcategories&post=351"},{"taxonomy":"post_tag","embeddable":true,"href":"https:\/\/reisefotograf.org\/index.php?rest_route=%2Fwp%2Fv2%2Ftags&post=351"}],"curies":[{"name":"wp","href":"https:\/\/api.w.org\/{rel}","templated":true}]}}