{"id":296,"date":"2020-09-12T00:00:00","date_gmt":"2020-09-12T00:00:00","guid":{"rendered":"http:\/\/reisefotograf.org\/?p=296"},"modified":"2023-01-15T16:11:08","modified_gmt":"2023-01-15T16:11:08","slug":"auf-zu-neuen-ufern","status":"publish","type":"post","link":"https:\/\/reisefotograf.org\/?p=296","title":{"rendered":"Auf zu neuen Reisen :-)"},"content":{"rendered":"\n<p class=\"has-drop-cap\">Die Reisewelt war durch Corona nicht mehr so wie sie mal war. Es gab Reisewarnungen und Reisebeschr\u00e4nkungen. Zur Zeit kommt man wieder in sehr viele L\u00e4nder, ohne Reisebeschr\u00e4nkungen. Dies Freud uns sehr und somit sind auch wir wieder in dieser Welt unterwegs. Im letzten Jahr waren wir seit sehr langer Zeit wieder  auf der Insel Mallorca und haben die Zeit genossen. Leider nur 17 Tage. Der Job wartete bereits. Aber es war toll. Der Bericht dazu ist in Arbeit. In diesem Jahr folgt nun eine Kreuzfahrt in die Karibik. Wir sind schon sehr gespannt und werden auch hiervon berichten. <\/p>\n\n\n\n<p> <\/p>\n\n\n\n<p><\/p>\n\n\n\n<p><\/p>\n","protected":false},"excerpt":{"rendered":"<div class=\"mh-excerpt\"><p>Die Reisewelt war durch Corona nicht mehr so wie sie mal war. Es gab Reisewarnungen und Reisebeschr\u00e4nkungen. Zur Zeit kommt man wieder in sehr viele <a class=\"mh-excerpt-more\" href=\"https:\/\/reisefotograf.org\/?p=296\" title=\"Auf zu neuen Reisen :-)\">[&#8230;]<\/a><\/p>\n<\/div>","protected":false},"author":1,"featured_media":510,"comment_status":"closed","ping_status":"open","sticky":true,"template":"","format":"standard","meta":{"saved_in_kubio":false,"footnotes":""},"categories":[1],"tags":[],"class_list":["post-296","post","type-post","status-publish","format-standard","has-post-thumbnail","hentry","category-reisen"],"_links":{"self":[{"href":"https:\/\/reisefotograf.org\/index.php?rest_route=\/wp\/v2\/posts\/296","targetHints":{"allow":["GET"]}}],"collection":[{"href":"https:\/\/reisefotograf.org\/index.php?rest_route=\/wp\/v2\/posts"}],"about":[{"href":"https:\/\/reisefotograf.org\/index.php?rest_route=\/wp\/v2\/types\/post"}],"author":[{"embeddable":true,"href":"https:\/\/reisefotograf.org\/index.php?rest_route=\/wp\/v2\/users\/1"}],"replies":[{"embeddable":true,"href":"https:\/\/reisefotograf.org\/index.php?rest_route=%2Fwp%2Fv2%2Fcomments&post=296"}],"version-history":[{"count":7,"href":"https:\/\/reisefotograf.org\/index.php?rest_route=\/wp\/v2\/posts\/296\/revisions"}],"predecessor-version":[{"id":509,"href":"https:\/\/reisefotograf.org\/index.php?rest_route=\/wp\/v2\/posts\/296\/revisions\/509"}],"wp:featuredmedia":[{"embeddable":true,"href":"https:\/\/reisefotograf.org\/index.php?rest_route=\/wp\/v2\/media\/510"}],"wp:attachment":[{"href":"https:\/\/reisefotograf.org\/index.php?rest_route=%2Fwp%2Fv2%2Fmedia&parent=296"}],"wp:term":[{"taxonomy":"category","embeddable":true,"href":"https:\/\/reisefotograf.org\/index.php?rest_route=%2Fwp%2Fv2%2Fcategories&post=296"},{"taxonomy":"post_tag","embeddable":true,"href":"https:\/\/reisefotograf.org\/index.php?rest_route=%2Fwp%2Fv2%2Ftags&post=296"}],"curies":[{"name":"wp","href":"https:\/\/api.w.org\/{rel}","templated":true}]}}