{"id":1,"date":"2017-10-15T03:48:21","date_gmt":"2017-10-15T03:48:21","guid":{"rendered":"http:\/\/reisefotograf.org\/?p=1"},"modified":"2020-09-16T10:10:28","modified_gmt":"2020-09-16T10:10:28","slug":"hello-world","status":"publish","type":"post","link":"https:\/\/reisefotograf.org\/?p=1","title":{"rendered":"Norwegen mit AIDA"},"content":{"rendered":"\n<p class=\"has-drop-cap\">Norwegen, mit der AIDAluna. Ich bin sehr gespannt, kenne ich doch Norwegen von mehrere Urlauben her, die aber allesamt schon vor 20 Jahren erlebt wurden. Wie wird es sein, vom Schiff aus die H\u00e4fen und die Landschaft betrachten zu k\u00f6nnen.<\/p>\n\n\n\n<p>Meine Frau hingegen kennt das Land noch gar nicht und ist eher den s\u00fcdlichen L\u00e4ndern zugeneigt. Da wo es w\u00e4rmer ist, wie sie immer wieder betont. Da bekanntlich der erste Eindruck pr\u00e4gend ist, w\u00e4chst in mir die Spannung, wie es Ihr denn in Norwegen und uns beiden \u00fcberhaupt eine AIDA-Kreuzfahrt gef\u00e4llt. Um es vorweg zu nehmen. Es war eine Traumreise mit sehr viel Sonne, ruhiger See, Temperaturen zwischen 17 und 23 Grad und einem fantastischen Land mit traumhafter Landschaft. Einfach perfekt.<\/p>\n\n\n\n<p>Als Hamburger reisen wir bequem mit dem Taxi an und werden am Kreuzfahrtterminal Altona herzlich begr\u00fc\u00dft.&nbsp; Ehe wir uns versehen, sind unsere Koffer auf gro\u00dfen Sammelwagen verstaut und kurzerhand im Terminal verschwunden. Unsere Koffer w\u00fcrden wir in ein paar Stunden vor unserer Kabine wiederfinden. Wir brauchen uns somit nur noch um das Einchecken k\u00fcmmern und bekommen dort auch unsere Bordkarte. Ohne diese&nbsp; geht auf der gesamten Reise gar nichts. Sie ist Zahlungsmittel, Ausweis,&nbsp; Zugangskarte auf das Schiff nach einem Landgang, sowie Schl\u00fcssel f\u00fcr unsere Kabine.<\/p>\n\n\n\n<p>An Bord angekommen gilt unser erster Blick dem Bordplan. Wo ist was und wie kommen wir dorthin. Da zu diesem Zeitpunkt die Kabine noch nicht bezugsf\u00e4hig ist, zieht es uns in die Anytime Bar auf Deck 12. Von hier aus hat man einen fantastischen Ausblick auf den Hafen bei sonnigen 20 Grad. Bei einem ersten Getr\u00e4nk, ersten Kontakten zum Nebentisch und bester Laune genie\u00dfen wir den Urlaubsstart.<\/p>\n\n\n\n<figure class=\"wp-block-image\"><img loading=\"lazy\" decoding=\"async\" width=\"1732\" height=\"1154\" src=\"http:\/\/reisefotograf.org\/wp-content\/uploads\/2018\/09\/IMG_1564_Dunkel_Hell_fused.jpg\" alt=\"\" class=\"wp-image-262\" srcset=\"https:\/\/reisefotograf.org\/wp-content\/uploads\/2018\/09\/IMG_1564_Dunkel_Hell_fused.jpg 1732w, https:\/\/reisefotograf.org\/wp-content\/uploads\/2018\/09\/IMG_1564_Dunkel_Hell_fused-300x200.jpg 300w, https:\/\/reisefotograf.org\/wp-content\/uploads\/2018\/09\/IMG_1564_Dunkel_Hell_fused-768x512.jpg 768w, https:\/\/reisefotograf.org\/wp-content\/uploads\/2018\/09\/IMG_1564_Dunkel_Hell_fused-1024x682.jpg 1024w\" sizes=\"(max-width: 1732px) 100vw, 1732px\" \/><\/figure>\n\n\n\n<p>Die Zeit vergeht im Fluge und nach einer Durchsage k\u00f6nnen wir unsere&nbsp; Balkonkabine 9117 beziehen. Unsere Koffer stehen schon vor der Kabinent\u00fcr und so wird schnell alles in den gro\u00dfen Schrank verstaut.<\/p>\n\n\n\n<p>Bevor es dann um 18 Uhr losgeht, kommt vor dem Auslaufen die sehr wichtige Seenotrettungs\u00fcbung. Diese ist eine Pflichtveranstaltung f\u00fcr jeden, der sich an Bord aufh\u00e4lt. Immerhin ist man auf einem Schiff und da sollte man im Notfall wissen, wie die Schwimmweste anzulegen ist und wo der Sammelpunkt ist. &nbsp;Wir finden uns mit angelegter Schwimmweste auf der Musterstation D wieder.<\/p>\n\n\n\n<figure class=\"wp-block-image is-resized\"><img loading=\"lazy\" decoding=\"async\" src=\"http:\/\/reisefotograf.org\/wp-content\/uploads\/2018\/09\/IMG_1587_Dunkel_Hell_tonemapped-1.jpg\" alt=\"\" class=\"wp-image-267\" width=\"580\" height=\"386\" srcset=\"https:\/\/reisefotograf.org\/wp-content\/uploads\/2018\/09\/IMG_1587_Dunkel_Hell_tonemapped-1.jpg 1000w, https:\/\/reisefotograf.org\/wp-content\/uploads\/2018\/09\/IMG_1587_Dunkel_Hell_tonemapped-1-300x200.jpg 300w, https:\/\/reisefotograf.org\/wp-content\/uploads\/2018\/09\/IMG_1587_Dunkel_Hell_tonemapped-1-768x512.jpg 768w\" sizes=\"(max-width: 580px) 100vw, 580px\" \/><\/figure>\n\n\n\n<p>Nach \u00dcbungsende geht es dann los. Leinen los. Den Hamburger Hafen bei diesem Wetter zu verlassen, ist schon ein tolles Erlebnis. Wir haben sogar das Gl\u00fcck, das die AIDAsol ebenfalls in Hamburg liegt und mit uns zusammen Hamburg verl\u00e4sst. Von den&nbsp; begleitenden Ausflugsschiffen wird immer wieder ein freundliches \u201eGute Reise\u201c zugerufen, Schaulustige winken und sogar ein kleines Feuerwerk wird an Land gez\u00fcndet. Besser kann die Reise nicht starten.<\/p>\n\n\n\n<p>Nach so viel Eindr\u00fccken knurrt nun doch der Magen und wir machen uns auf den Weg nach einem freien Platz in einem der vier Restaurants.<\/p>\n\n\n\n<figure class=\"wp-block-image is-resized\"><img loading=\"lazy\" decoding=\"async\" src=\"http:\/\/reisefotograf.org\/wp-content\/uploads\/2018\/09\/Einganganytimebar.jpg\" alt=\"\" class=\"wp-image-207\" width=\"580\" height=\"387\" srcset=\"https:\/\/reisefotograf.org\/wp-content\/uploads\/2018\/09\/Einganganytimebar.jpg 500w, https:\/\/reisefotograf.org\/wp-content\/uploads\/2018\/09\/Einganganytimebar-300x200.jpg 300w\" sizes=\"(max-width: 580px) 100vw, 580px\" \/><figcaption>Eingang zur Anytimebar<\/figcaption><\/figure>\n\n\n\n<p>Nach dem Abendessen gibt es auf dem Pooldeck noch die Willkommensparty. Da bekanntlich viel frische Luft m\u00fcde macht, lassen wir das Ganze aber ausfallen &nbsp;und verziehen uns &nbsp;gl\u00fccklich, zufrieden aber total m\u00fcde ins Bett. Bergen, wir kommen&nbsp; (553 Seemeilen).<\/p>\n\n\n\n<!--nextpage-->\n\n\n\n<h2 class=\"wp-block-heading\"><strong>Seetag&nbsp;<\/strong><\/h2>\n\n\n\n<figure class=\"wp-block-image\"><img loading=\"lazy\" decoding=\"async\" width=\"1000\" height=\"667\" src=\"http:\/\/reisefotograf.org\/wp-content\/uploads\/2018\/09\/Seetag.jpg\" alt=\"\" class=\"wp-image-222\" srcset=\"https:\/\/reisefotograf.org\/wp-content\/uploads\/2018\/09\/Seetag.jpg 1000w, https:\/\/reisefotograf.org\/wp-content\/uploads\/2018\/09\/Seetag-300x200.jpg 300w, https:\/\/reisefotograf.org\/wp-content\/uploads\/2018\/09\/Seetag-768x512.jpg 768w\" sizes=\"(max-width: 1000px) 100vw, 1000px\" \/><figcaption>Auf einem Seetag sollte man das Schiff erkunden<\/figcaption><\/figure>\n\n\n\n<p class=\"has-drop-cap\">An jedem Abend h\u00e4ngt an der&nbsp; Kabinent\u00fcr die Bordzeitung, die \u00fcber Aktivit\u00e4ten, das Wetter, den n\u00e4chsten Hafen und das Bordprogramm f\u00fcr den n\u00e4chsten Tag Auskunft gibt. So wussten wir bereits, was uns an diesem Tag so alles an Bord erwartet (z. B. K\u00fcchenf\u00fchrung Restaurant Rossini, Familien- ostereiersuche, Tanzkurs Discofox, Zumba-Workshop, Live-Musik). So ein Seetag direkt nach dem Auslaufen hat sein Gutes. Man kann das Schiff erkunden und sich mit den \u00f6rtlichen Gegebenheiten vertraut machen. Das Wetter ist gut, die See ruhig und so wird der Seetag bei einem oder auch zwei guten Cocktails, gutem Wetter und bester Laune erlebt. Der Tag endet mit einem tollen Sonnenuntergang.<\/p>\n\n\n\n<h2 class=\"wp-block-heading\"><strong>Bergen<\/strong><\/h2>\n\n\n\n<p class=\"has-drop-cap\">Wir sollten gegen 8 Uhr in Bergen anlegen. Da die Anfahrt auf den Hafen auch schon sehr sehenswert ist, hei\u00dft es f\u00fcr uns fr\u00fch aufstehen. Zum Gl\u00fcck gibt es in der Anytime Bar f\u00fcr Fr\u00fchaufsteher Kaffee (ab 6 Uhr) und so wird man doch rechtzeitig wach, um die Einfahrt in den Fjord und den Hafen von Bergen zu erleben.<\/p>\n\n\n\n<p>Fr\u00fch aufstehen hei\u00dft an diesem Tag 5:30 Uhr. Schon bei einem Blick aus der Balkont\u00fcr werden alle m\u00fcden Geister wach.<\/p>\n\n\n\n<figure class=\"wp-block-image\"><img loading=\"lazy\" decoding=\"async\" width=\"1732\" height=\"1154\" src=\"http:\/\/reisefotograf.org\/wp-content\/uploads\/2017\/10\/IMG_1708_D_H_fused.jpg\" alt=\"\" class=\"wp-image-229\" srcset=\"https:\/\/reisefotograf.org\/wp-content\/uploads\/2017\/10\/IMG_1708_D_H_fused.jpg 1732w, https:\/\/reisefotograf.org\/wp-content\/uploads\/2017\/10\/IMG_1708_D_H_fused-300x200.jpg 300w, https:\/\/reisefotograf.org\/wp-content\/uploads\/2017\/10\/IMG_1708_D_H_fused-768x512.jpg 768w, https:\/\/reisefotograf.org\/wp-content\/uploads\/2017\/10\/IMG_1708_D_H_fused-1024x682.jpg 1024w\" sizes=\"(max-width: 1732px) 100vw, 1732px\" \/><\/figure>\n\n\n\n<p>Es sind kleine felsige Inseln zu sehen mit bunten kleinen Holzh\u00e4usern. Das Ganze noch im blauen D\u00e4mmerlicht. Wir sind elektrisiert und finden uns kurz darauf auf Deck 12&nbsp; wieder. Von hier hat man einen sehr guten \u00dcberblick rund um das Schiff und so k\u00f6nnen wir einen tollen Sonnenaufgang erleben. Durch die ersten Sonnenstrahlen \u00fcber den Bergen h\u00fcllt sich die gesamte Landschaft in ein goldenes Licht. Das fr\u00fche Aufstehen hat sich gelohnt. &nbsp;Kurz darauf f\u00fcllt sich das Deck merklich.<\/p>\n\n\n\n<figure class=\"wp-block-image\"><img decoding=\"async\" src=\"http:\/\/www.phototrips.eu\/images\/trips\/Norwegen\/Insel.jpg\" alt=\"\"\/><\/figure>\n\n\n\n<figure class=\"wp-block-image is-resized\"><img loading=\"lazy\" decoding=\"async\" src=\"http:\/\/reisefotograf.org\/wp-content\/uploads\/2018\/09\/Insel.jpg\" alt=\"\" class=\"wp-image-216\" width=\"580\" height=\"387\" srcset=\"https:\/\/reisefotograf.org\/wp-content\/uploads\/2018\/09\/Insel.jpg 500w, https:\/\/reisefotograf.org\/wp-content\/uploads\/2018\/09\/Insel-300x200.jpg 300w\" sizes=\"(max-width: 580px) 100vw, 580px\" \/><figcaption>Eine tolle Landschaft passiert man vom Meer aus bis nach Bergen<\/figcaption><\/figure>\n\n\n\n<p>Die Fahrrinne wird nun immer schmaler und die fantastische Landschaft zieht uns alle in seinen Bann. Felsen mit bunten Holzh\u00e4usern, Inseln, H\u00e4ngebr\u00fccken.&nbsp; Schauen und Genie\u00dfen hei\u00dft das Motto.&nbsp; Gegen 8 Uhr fahren wir in den Hafen von Bergen ein. Das Anlegeman\u00f6ver wird von uns vom Balkon aus beobachtet. Wahnsinn, wie wendig das Schiff ist.<\/p>\n\n\n\n<figure class=\"wp-block-image\"><img loading=\"lazy\" decoding=\"async\" width=\"1732\" height=\"1154\" src=\"http:\/\/reisefotograf.org\/wp-content\/uploads\/2017\/10\/IMG_1768_Dunkel_Hell_fused.jpg\" alt=\"\" class=\"wp-image-234\" srcset=\"https:\/\/reisefotograf.org\/wp-content\/uploads\/2017\/10\/IMG_1768_Dunkel_Hell_fused.jpg 1732w, https:\/\/reisefotograf.org\/wp-content\/uploads\/2017\/10\/IMG_1768_Dunkel_Hell_fused-300x200.jpg 300w, https:\/\/reisefotograf.org\/wp-content\/uploads\/2017\/10\/IMG_1768_Dunkel_Hell_fused-768x512.jpg 768w, https:\/\/reisefotograf.org\/wp-content\/uploads\/2017\/10\/IMG_1768_Dunkel_Hell_fused-1024x682.jpg 1024w\" sizes=\"(max-width: 1732px) 100vw, 1732px\" \/><figcaption>Einfahrt in den Hafen von Bergen<\/figcaption><\/figure>\n\n\n\n<p>Kurz nach dem Anlegen dann die \u00dcberraschung. Wir sollten nicht das einzige AIDA-Schiff bleiben. Die AIDAcara l\u00e4uft nach uns ein und macht nebenan fest. Winken von beiden Schiffen aus.<\/p>\n\n\n\n<figure class=\"wp-block-image\"><img loading=\"lazy\" decoding=\"async\" width=\"2000\" height=\"1333\" src=\"http:\/\/reisefotograf.org\/wp-content\/uploads\/2017\/10\/DPP_Cara0001.jpg\" alt=\"\" class=\"wp-image-232\" srcset=\"https:\/\/reisefotograf.org\/wp-content\/uploads\/2017\/10\/DPP_Cara0001.jpg 2000w, https:\/\/reisefotograf.org\/wp-content\/uploads\/2017\/10\/DPP_Cara0001-300x200.jpg 300w, https:\/\/reisefotograf.org\/wp-content\/uploads\/2017\/10\/DPP_Cara0001-768x512.jpg 768w, https:\/\/reisefotograf.org\/wp-content\/uploads\/2017\/10\/DPP_Cara0001-1024x682.jpg 1024w\" sizes=\"(max-width: 2000px) 100vw, 2000px\" \/><figcaption>Auch die Cara lief kurz nach uns in Bergen ein.<\/figcaption><\/figure>\n\n\n\n<p>Nun wird &nbsp;es aber langsam Zeit, das Fr\u00fchst\u00fcck einzunehmen und dann den ersten Landgang in Angriff zu nehmen. Wir haben uns f\u00fcr keinen Ausflug entschieden und wollen die Stadt auf eigene Faust erkunden. F\u00fcr diesen Fall &nbsp;buchen wir auf dem Schiff ein Busticket (Hop on \u2013 hopp off \u2013 Bus),&nbsp; mit dem man den ganzen Tag (f\u00e4hrt alle 30 Minuten) durch die Stadt fahren&nbsp; und an diversen Haltestellen aus- und wieder zusteigen kann. So sind wir flexibel. Nat\u00fcrlich besuchen wir die bekannten Ausflugsziele (Fischmarkt, Bryggen, Floybanen, Segelschulschiff Bergen), g\u00f6nnen uns aber auch eine kleine Auszeit in einem der zahlreichen Stadtlokalen (kleines Bier und Kaffee). An diesem Tag passt wirklich alles. Strahlender Sonnenschein, keine Wolke am Himmel (Bergen hat im Jahr 300 Regentage!!) und 22 Grad. Klar, dass wir bei diesem Wetter auch mit der Floybahn auf den Aussichtsberg in Bergen fahren, von dem man einen fantastischen Blick auf die Stadt und den Hafen hat. Vorausgesetzt, das Wetter spielt mit. Wer Zeit hat und gut zu Fu\u00df ist, sollte mit der Bahn hochfahren und dann zu Fu\u00df den Berg wieder herunter laufen.<\/p>\n\n\n\n<figure class=\"wp-block-image\"><img loading=\"lazy\" decoding=\"async\" width=\"1000\" height=\"667\" src=\"http:\/\/reisefotograf.org\/wp-content\/uploads\/2017\/10\/Bergen.jpg\" alt=\"\" class=\"wp-image-233\" srcset=\"https:\/\/reisefotograf.org\/wp-content\/uploads\/2017\/10\/Bergen.jpg 1000w, https:\/\/reisefotograf.org\/wp-content\/uploads\/2017\/10\/Bergen-300x200.jpg 300w, https:\/\/reisefotograf.org\/wp-content\/uploads\/2017\/10\/Bergen-768x512.jpg 768w\" sizes=\"(max-width: 1000px) 100vw, 1000px\" \/><\/figure>\n\n\n\n<p>Gegen 17:30 Uhr mussten alle Passagiere wieder an Bord sein. Da die Bordkarte beim Verlassen und beim Betreten des Schiffes gescannt wird, wei\u00df die Crew, ob alle wieder da sind. Was passiert wenn jemand fehlt, kann man sich eindrucksvoll auf Youtube ansehen. Diesen peinlichen Auftritt sollte sich keiner antun. Auf unserer Reise klappt es dann auch immer. Vermutlich hat jeder den Film gesehen&nbsp;<\/p>\n\n\n\n<figure class=\"wp-block-image\"><img loading=\"lazy\" decoding=\"async\" width=\"1732\" height=\"1154\" src=\"http:\/\/reisefotograf.org\/wp-content\/uploads\/2017\/10\/IMG_1915.jpg\" alt=\"\" class=\"wp-image-236\" srcset=\"https:\/\/reisefotograf.org\/wp-content\/uploads\/2017\/10\/IMG_1915.jpg 1732w, https:\/\/reisefotograf.org\/wp-content\/uploads\/2017\/10\/IMG_1915-300x200.jpg 300w, https:\/\/reisefotograf.org\/wp-content\/uploads\/2017\/10\/IMG_1915-768x512.jpg 768w, https:\/\/reisefotograf.org\/wp-content\/uploads\/2017\/10\/IMG_1915-1024x682.jpg 1024w\" sizes=\"(max-width: 1732px) 100vw, 1732px\" \/><figcaption>Auf Wiedersehen Bergen<\/figcaption><\/figure>\n\n\n\n<p>Wir legen um 18 Uhr in Bergen mit dreimal Tuten ab und laufen aus in Richtung Hardangerfjord\/Eidfjord (196 Seemeilen).<\/p>\n\n\n\n<!--nextpage-->\n\n\n\n<h2 class=\"wp-block-heading\"><strong>Hardanger\/Eidfjord<\/strong><\/h2>\n\n\n\n<p class=\"has-drop-cap\">In der Nacht gibt es dann f\u00fcr uns einen kleinen Ausflug auf unseren Balkon. Irgendwie wurden wir zur gleichen Zeit wach und ein kleiner neugieriger Blick aus dem Fenster reicht, die Nachtruhe kurz zu unterbrechen und sich auf dem Balkon einzufinden. In der Dunkelheit k\u00f6nnen wir die Silhouetten der nahen Berge sehen und zahlreiche Lichter zeugen von Leben. Nun ist klar, wir sollten mal wieder fr\u00fch aufstehen.<\/p>\n\n\n\n<p>Noch vor Sonnenaufgang stehen wir dann wieder auf dem Balkon. Im Schein des blauen D\u00e4mmerlichtes entdecken wir die im September 2013 eingeweihte Hardanger-H\u00e4ngebr\u00fccke.<\/p>\n\n\n\n<figure class=\"wp-block-gallery columns-3 is-cropped wp-block-gallery-1 is-layout-flex wp-block-gallery-is-layout-flex\"><ul class=\"blocks-gallery-grid\"><li class=\"blocks-gallery-item\"><figure><img loading=\"lazy\" decoding=\"async\" width=\"500\" height=\"334\" src=\"http:\/\/reisefotograf.org\/wp-content\/uploads\/2018\/09\/IMG_1966_Dunkel_Hell_fused.jpg\" alt=\"\" data-id=\"210\" data-link=\"http:\/\/reisefotograf.org\/?attachment_id=210\" class=\"wp-image-210\" srcset=\"https:\/\/reisefotograf.org\/wp-content\/uploads\/2018\/09\/IMG_1966_Dunkel_Hell_fused.jpg 500w, https:\/\/reisefotograf.org\/wp-content\/uploads\/2018\/09\/IMG_1966_Dunkel_Hell_fused-300x200.jpg 300w\" sizes=\"(max-width: 500px) 100vw, 500px\" \/><\/figure><\/li><li class=\"blocks-gallery-item\"><figure><img loading=\"lazy\" decoding=\"async\" width=\"1732\" height=\"1154\" src=\"http:\/\/reisefotograf.org\/wp-content\/uploads\/2018\/09\/IMG_1952.jpg\" alt=\"\" data-id=\"256\" data-link=\"http:\/\/reisefotograf.org\/?attachment_id=256\" class=\"wp-image-256\" srcset=\"https:\/\/reisefotograf.org\/wp-content\/uploads\/2018\/09\/IMG_1952.jpg 1732w, https:\/\/reisefotograf.org\/wp-content\/uploads\/2018\/09\/IMG_1952-300x200.jpg 300w, https:\/\/reisefotograf.org\/wp-content\/uploads\/2018\/09\/IMG_1952-768x512.jpg 768w, https:\/\/reisefotograf.org\/wp-content\/uploads\/2018\/09\/IMG_1952-1024x682.jpg 1024w\" sizes=\"(max-width: 1732px) 100vw, 1732px\" \/><\/figure><\/li><li class=\"blocks-gallery-item\"><figure><img loading=\"lazy\" decoding=\"async\" width=\"1732\" height=\"1154\" src=\"http:\/\/reisefotograf.org\/wp-content\/uploads\/2018\/09\/IMG_1957.jpg\" alt=\"\" data-id=\"258\" data-link=\"http:\/\/reisefotograf.org\/?attachment_id=258\" class=\"wp-image-258\" srcset=\"https:\/\/reisefotograf.org\/wp-content\/uploads\/2018\/09\/IMG_1957.jpg 1732w, https:\/\/reisefotograf.org\/wp-content\/uploads\/2018\/09\/IMG_1957-300x200.jpg 300w, https:\/\/reisefotograf.org\/wp-content\/uploads\/2018\/09\/IMG_1957-768x512.jpg 768w, https:\/\/reisefotograf.org\/wp-content\/uploads\/2018\/09\/IMG_1957-1024x682.jpg 1024w\" sizes=\"(max-width: 1732px) 100vw, 1732px\" \/><\/figure><\/li><li class=\"blocks-gallery-item\"><figure><img loading=\"lazy\" decoding=\"async\" width=\"1732\" height=\"1154\" src=\"http:\/\/reisefotograf.org\/wp-content\/uploads\/2018\/09\/IMG_1953_Hell_Helll_fused.jpg\" alt=\"\" data-id=\"257\" data-link=\"http:\/\/reisefotograf.org\/?attachment_id=257\" class=\"wp-image-257\" srcset=\"https:\/\/reisefotograf.org\/wp-content\/uploads\/2018\/09\/IMG_1953_Hell_Helll_fused.jpg 1732w, https:\/\/reisefotograf.org\/wp-content\/uploads\/2018\/09\/IMG_1953_Hell_Helll_fused-300x200.jpg 300w, https:\/\/reisefotograf.org\/wp-content\/uploads\/2018\/09\/IMG_1953_Hell_Helll_fused-768x512.jpg 768w, https:\/\/reisefotograf.org\/wp-content\/uploads\/2018\/09\/IMG_1953_Hell_Helll_fused-1024x682.jpg 1024w\" sizes=\"(max-width: 1732px) 100vw, 1732px\" \/><\/figure><\/li><li class=\"blocks-gallery-item\"><figure><img loading=\"lazy\" decoding=\"async\" width=\"1154\" height=\"1732\" src=\"http:\/\/reisefotograf.org\/wp-content\/uploads\/2018\/09\/IMG_1960.jpg\" alt=\"\" data-id=\"259\" data-link=\"http:\/\/reisefotograf.org\/?attachment_id=259\" class=\"wp-image-259\" srcset=\"https:\/\/reisefotograf.org\/wp-content\/uploads\/2018\/09\/IMG_1960.jpg 1154w, https:\/\/reisefotograf.org\/wp-content\/uploads\/2018\/09\/IMG_1960-200x300.jpg 200w, https:\/\/reisefotograf.org\/wp-content\/uploads\/2018\/09\/IMG_1960-768x1153.jpg 768w, https:\/\/reisefotograf.org\/wp-content\/uploads\/2018\/09\/IMG_1960-682x1024.jpg 682w\" sizes=\"(max-width: 1154px) 100vw, 1154px\" \/><\/figure><\/li><\/ul><\/figure>\n\n\n\n<p>Das gigantische Bauwerk hat&nbsp; eine Spannweite von 1.310 Metern und einer Durchfahrth\u00f6he von 55 Metern. Unter der m\u00fcssen wir durch. Die AIDAluna ist 47 Meter hoch. Somit ist nicht sehr viel Luft mehr, was wir dann auch beim Passieren&nbsp; eindrucksvoll zu sehen bekommen.<\/p>\n\n\n\n<figure class=\"wp-block-image\"><img decoding=\"async\" src=\"http:\/\/www.phototrips.eu\/images\/trips\/Norwegen\/IMG_1966_Dunkel_Hell_fused.jpg\" alt=\"\"\/><\/figure>\n\n\n\n<p>Zu dieser Zeit ist die Sonne schon aufgegangen, aber durch die hohen Berge noch nicht zu sehen. Nur am Himmel leuchten die kleinen Wolken in dezentem Rot, w\u00e4hrend der Fjord in einem merkw\u00fcrdig blauen Licht liegt.<\/p>\n\n\n\n<p>Das Schiff biegt nun nach links ab und l\u00e4uft auf Ulvik zu. Kurz vor dem Ort schafft es dann die Sonne die ersten Strahlen in den Fjord und den Ort zu schicken. Sofort ist &nbsp;eine ganz neue Lichtstimmung geschaffen. Das fr\u00fche Aufstehen hat sich mal wieder gelohnt.<\/p>\n\n\n\n<figure class=\"wp-block-image\"><img loading=\"lazy\" decoding=\"async\" width=\"1732\" height=\"1154\" src=\"http:\/\/reisefotograf.org\/wp-content\/uploads\/2017\/10\/IMG_1988_Dunkel_Hell_fused.jpg\" alt=\"\" class=\"wp-image-239\" srcset=\"https:\/\/reisefotograf.org\/wp-content\/uploads\/2017\/10\/IMG_1988_Dunkel_Hell_fused.jpg 1732w, https:\/\/reisefotograf.org\/wp-content\/uploads\/2017\/10\/IMG_1988_Dunkel_Hell_fused-300x200.jpg 300w, https:\/\/reisefotograf.org\/wp-content\/uploads\/2017\/10\/IMG_1988_Dunkel_Hell_fused-768x512.jpg 768w, https:\/\/reisefotograf.org\/wp-content\/uploads\/2017\/10\/IMG_1988_Dunkel_Hell_fused-1024x682.jpg 1024w\" sizes=\"(max-width: 1732px) 100vw, 1732px\" \/><figcaption>Auf dem Weg nach Ulvik<\/figcaption><\/figure>\n\n\n\n<p>Da es in Ulvik keinen passenden Anleger f\u00fcr das Schiff gibt und von hier der gro\u00dfe Ausflug \u00fcber 9 Stunden f\u00fcr einige Passgiere los gehen soll, werden drei Beiboote von der Luna zu Wasser gelassen und die Ausfl\u00fcgler ausgebootet. Wir bleiben an Bord und sehen uns das ganze Schauspiel vom Balkon aus an.<\/p>\n\n\n\n<p>Gegen 10 Uhr dreht das Schiff&nbsp; und wir fahren aus Ulvik &nbsp;Richtung Eidjford wieder aus.&nbsp; Die Berge sind nun noch h\u00f6her, der Fjord noch schmaler und nach einer Stunde legen wir am Ende des Fjordes am gro\u00dfen Anlegeplatz in Eidjford an. Ein am\u00fcsantes Erlebnis. Der Anlegeplatz wirkt fast so lang wie der Ort gro\u00df ist. Vor dem Anleger ein mittelgro\u00dfes wei\u00dfes Hotel, dahinter ein paar H\u00e4user, einen Supermarkt und das war es dann auch schon vom gesamten Ort.<\/p>\n\n\n\n<figure class=\"wp-block-image is-resized\"><img loading=\"lazy\" decoding=\"async\" src=\"http:\/\/reisefotograf.org\/wp-content\/uploads\/2018\/09\/IMG_2006_Dunkel_Hell_fused.jpg\" alt=\"\" class=\"wp-image-212\" width=\"580\" height=\"387\" srcset=\"https:\/\/reisefotograf.org\/wp-content\/uploads\/2018\/09\/IMG_2006_Dunkel_Hell_fused.jpg 500w, https:\/\/reisefotograf.org\/wp-content\/uploads\/2018\/09\/IMG_2006_Dunkel_Hell_fused-300x200.jpg 300w\" sizes=\"(max-width: 580px) 100vw, 580px\" \/><figcaption>Fantastische Landschaft<\/figcaption><\/figure>\n\n\n\n<figure class=\"wp-block-image\"><img loading=\"lazy\" decoding=\"async\" width=\"1732\" height=\"1154\" src=\"http:\/\/reisefotograf.org\/wp-content\/uploads\/2017\/10\/IMG_2087_Dunkel_Hell_fused.jpg\" alt=\"\" class=\"wp-image-241\" srcset=\"https:\/\/reisefotograf.org\/wp-content\/uploads\/2017\/10\/IMG_2087_Dunkel_Hell_fused.jpg 1732w, https:\/\/reisefotograf.org\/wp-content\/uploads\/2017\/10\/IMG_2087_Dunkel_Hell_fused-300x200.jpg 300w, https:\/\/reisefotograf.org\/wp-content\/uploads\/2017\/10\/IMG_2087_Dunkel_Hell_fused-768x512.jpg 768w, https:\/\/reisefotograf.org\/wp-content\/uploads\/2017\/10\/IMG_2087_Dunkel_Hell_fused-1024x682.jpg 1024w\" sizes=\"(max-width: 1732px) 100vw, 1732px\" \/><figcaption>Eidfjord, der Anleger ist fast gr\u00f6\u00dfer als der gesamte Ort<\/figcaption><\/figure>\n\n\n\n<p>Von hier aus starten nun die zahlreichen Ausflugsfahrten. Eine Armee von Bussen steht bereits vor dem Anleger.<\/p>\n\n\n\n<p>Wir haben eine Busfahrt in den Obstgarten des Hardangerfjord gebucht. Mit dem Bus geht es nach Lofthus am Sorfjord, dem gr\u00f6\u00dften Obstanbaugebiet Norwegens. Wir haben die Hoffnung, dass hier die Obstbl\u00fcte schon angefangen hat und diese Hoffnung wird erf\u00fcllt. Landschaftlich ein Traum! Auf der einen Seite des Fjordes die bl\u00fchenden Obstb\u00e4ume, die Spiegelungen im Wasser, auf der anderen Seite die schneebedeckten Berge. Wirklich sehr sehenswert.<\/p>\n\n\n\n<figure class=\"wp-block-image\"><img loading=\"lazy\" decoding=\"async\" width=\"1000\" height=\"667\" src=\"http:\/\/reisefotograf.org\/wp-content\/uploads\/2018\/09\/HardangerPanorama.jpg\" alt=\"\" class=\"wp-image-208\" srcset=\"https:\/\/reisefotograf.org\/wp-content\/uploads\/2018\/09\/HardangerPanorama.jpg 1000w, https:\/\/reisefotograf.org\/wp-content\/uploads\/2018\/09\/HardangerPanorama-300x200.jpg 300w, https:\/\/reisefotograf.org\/wp-content\/uploads\/2018\/09\/HardangerPanorama-768x512.jpg 768w\" sizes=\"(max-width: 1000px) 100vw, 1000px\" \/><\/figure>\n\n\n\n<p>Kuriosit\u00e4t w\u00e4hrend der Busfahrt ist die Stra\u00dfenf\u00fchrung in Norwegen. Durch die Landschaft gibt es in Norwegen sehr viele Tunnel, was nun nicht sehr verwunderlich ist. Wir haben aber noch nie einen Tunnel mit Kreisverkehr (in blauem Licht) gesehen. Dies erleben wir auf dem Weg nach Lofthus. Ein sehr \u00fcberraschend komisches Erlebnis.<\/p>\n\n\n\n<figure class=\"wp-block-image is-resized\"><img loading=\"lazy\" decoding=\"async\" src=\"http:\/\/reisefotograf.org\/wp-content\/uploads\/2017\/10\/IMG_2054.jpg\" alt=\"\" class=\"wp-image-243\" width=\"580\" height=\"386\" srcset=\"https:\/\/reisefotograf.org\/wp-content\/uploads\/2017\/10\/IMG_2054.jpg 1732w, https:\/\/reisefotograf.org\/wp-content\/uploads\/2017\/10\/IMG_2054-300x200.jpg 300w, https:\/\/reisefotograf.org\/wp-content\/uploads\/2017\/10\/IMG_2054-768x512.jpg 768w, https:\/\/reisefotograf.org\/wp-content\/uploads\/2017\/10\/IMG_2054-1024x682.jpg 1024w\" sizes=\"(max-width: 580px) 100vw, 580px\" \/><figcaption>Kreisverkehr im Berg.<\/figcaption><\/figure>\n\n\n\n<p>Die Lichtverh\u00e4ltnisse in Eidfjord sind wirklich sensationell. Was am Vormittag in der Sonne liegt, ist am Nachmittag&nbsp; im Schatten und umgekehrt. Somit sieht die Landschaft immer anders aus. Es entstehen immer neue Lichtstimmungen. Am Nachmittag liegt das gesamte Schiff im Schatten, fern&nbsp;der Sonne. Um 19 Uhr hei\u00dft es dann ablegen. Die Ortsjugend sitzt auf der Bank und sieht dabei zu. Am nahen Hotel steht der Koch vor der T\u00fcr und betrachtet das Treiben. Als die Leinen los sind und sich die Luna vom Anlegeplatz entfern, werden die Norwegischen Fahnen am Anleger eingeholt. Der Besuch ist zu Ende. Nach 10 Minuten haben wir die Sonne wieder. Stavanger wir kommen (139 Seemeilen).<\/p>\n\n\n\n<figure class=\"wp-block-image is-resized\"><img loading=\"lazy\" decoding=\"async\" src=\"http:\/\/reisefotograf.org\/wp-content\/uploads\/2018\/09\/IMG_2074_Dunkel_Hell_fused.jpg\" alt=\"\" class=\"wp-image-213\" width=\"580\" height=\"387\" srcset=\"https:\/\/reisefotograf.org\/wp-content\/uploads\/2018\/09\/IMG_2074_Dunkel_Hell_fused.jpg 500w, https:\/\/reisefotograf.org\/wp-content\/uploads\/2018\/09\/IMG_2074_Dunkel_Hell_fused-300x200.jpg 300w\" sizes=\"(max-width: 580px) 100vw, 580px\" \/><\/figure>\n\n\n\n<p>Am Abend bei der Poolparty l\u00e4sst uns der Kapit\u00e4n dann wissen, dass in Deutschland eine Sturm- und Gewitterfront Richtung Norwegen zieht. Somit kann es morgen passieren, dass wir bei zu viel Wind&nbsp;den&nbsp;Hafen&nbsp;von Stavanger nicht anlaufen k\u00f6nnen.&nbsp;Wir werden sehen.<\/p>\n\n\n\n<!--nextpage-->\n\n\n\n<h2 class=\"wp-block-heading\"><strong>Stavanger<\/strong><\/h2>\n\n\n\n<p class=\"has-drop-cap\">Der n\u00e4chste Morgen. Es ist zwar windig, aber nicht so st\u00fcrmisch, dass wir Stavanger nicht anlaufen k\u00f6nnen. Heute sind wir nicht so fr\u00fch aufgestanden, aber doch um 7:30 Uhr auf den Beinen. Zu dieser Zeit sind die Ausl\u00e4ufer von Stavanger schon zu sehen. Sehr viel mehr Bebauung als wir es in den letzten Tagen gesehen haben. Gegen 8 Uhr legt &nbsp;die Luna im Hafen an, der mitten in der Stadt (direkt neben der historischen Altstadt) liegt.&nbsp; Das Wetter ist nicht ganz so gut wie gestern, trocken aber bew\u00f6lkt. F\u00fcr heute haben wir einen Hubschrauberflug gebucht. Norwegen von Oben.<\/p>\n\n\n\n<figure class=\"wp-block-image\"><img loading=\"lazy\" decoding=\"async\" width=\"1732\" height=\"1154\" src=\"http:\/\/reisefotograf.org\/wp-content\/uploads\/2017\/10\/IMG_2184_Dunkel_Hell_fused.jpg\" alt=\"\" class=\"wp-image-246\" srcset=\"https:\/\/reisefotograf.org\/wp-content\/uploads\/2017\/10\/IMG_2184_Dunkel_Hell_fused.jpg 1732w, https:\/\/reisefotograf.org\/wp-content\/uploads\/2017\/10\/IMG_2184_Dunkel_Hell_fused-300x200.jpg 300w, https:\/\/reisefotograf.org\/wp-content\/uploads\/2017\/10\/IMG_2184_Dunkel_Hell_fused-768x512.jpg 768w, https:\/\/reisefotograf.org\/wp-content\/uploads\/2017\/10\/IMG_2184_Dunkel_Hell_fused-1024x682.jpg 1024w\" sizes=\"(max-width: 1732px) 100vw, 1732px\" \/><figcaption>Stavanger von Oben.<\/figcaption><\/figure>\n\n\n\n<p>Nach dem Fr\u00fchst\u00fcck geht es um 9 Uhr los. Landgang, der Kleinbus zum Flughafen Stavanger wartet schon. Wir wissen nicht so recht was uns erwartet. Es ist unser Hubschrauberflug. Wir sind gespannt, aber auch ein wenig nerv\u00f6s. An einem kleinen Hangar angekommen begr\u00fc\u00dft uns der Pilot und gibt eine Sicherheitseinweisung.&nbsp; Nun kann es losgehen. Eingestiegen, Kopfh\u00f6rer auf, Motor an,&nbsp; Starterlaubnis und wir schweben in der Luft. Sofort sehen wir Stavanger, das ganze Wasser um die Stadt herum und nat\u00fcrlich die Berge. Der Flug geht Richtung Lysefjord. Der Wind macht sich bemerkbar und der Heli hat doch gut zu k\u00e4mpfen.<\/p>\n\n\n\n<figure class=\"wp-block-image\"><img loading=\"lazy\" decoding=\"async\" width=\"1024\" height=\"682\" src=\"http:\/\/reisefotograf.org\/wp-content\/uploads\/2017\/10\/IMG_2164_Dunkel_Hell_fused-1024x682.jpg\" alt=\"\" class=\"wp-image-251\" srcset=\"https:\/\/reisefotograf.org\/wp-content\/uploads\/2017\/10\/IMG_2164_Dunkel_Hell_fused-1024x682.jpg 1024w, https:\/\/reisefotograf.org\/wp-content\/uploads\/2017\/10\/IMG_2164_Dunkel_Hell_fused-300x200.jpg 300w, https:\/\/reisefotograf.org\/wp-content\/uploads\/2017\/10\/IMG_2164_Dunkel_Hell_fused-768x512.jpg 768w, https:\/\/reisefotograf.org\/wp-content\/uploads\/2017\/10\/IMG_2164_Dunkel_Hell_fused.jpg 1732w\" sizes=\"(max-width: 1024px) 100vw, 1024px\" \/><\/figure>\n\n\n\n<p>Es wird ein wenig unruhiger, der Pilot bleibt aber gelassen und erz\u00e4hlt uns von Stavanger und der Gegend. Nach gut einer&nbsp; viertel Stunde erreichen wir den Preikestolen. Ohne den Hinweis des Piloten h\u00e4tten wir Ihn glatt \u00fcbersehen. Es sieht von hier aus alles sehr klein aus. Wir wundern uns \u00fcber die Berge. Hoch auf den Gipfeln sind ganze Seenlandschaften und Plateaus zu sehen.&nbsp; Auf dem R\u00fcckflug geht es dann wieder \u00fcber Stavanger und auch \u00fcber die AIDAluna. Sie sieht aus wie ein Spielzeugschiff. Ein unvergessliches Erlebnis und sehr zu empfehlen.<\/p>\n\n\n\n<figure class=\"wp-block-gallery columns-3 is-cropped wp-block-gallery-2 is-layout-flex wp-block-gallery-is-layout-flex\"><ul class=\"blocks-gallery-grid\"><li class=\"blocks-gallery-item\"><figure><a href=\"http:\/\/reisefotograf.org\/?attachment_id=253\"><img loading=\"lazy\" decoding=\"async\" width=\"1732\" height=\"1154\" src=\"http:\/\/reisefotograf.org\/wp-content\/uploads\/2017\/10\/IMG_2163_Dunkel_Hell_fused.jpg\" alt=\"\" data-id=\"253\" data-link=\"http:\/\/reisefotograf.org\/?attachment_id=253\" class=\"wp-image-253\" srcset=\"https:\/\/reisefotograf.org\/wp-content\/uploads\/2017\/10\/IMG_2163_Dunkel_Hell_fused.jpg 1732w, https:\/\/reisefotograf.org\/wp-content\/uploads\/2017\/10\/IMG_2163_Dunkel_Hell_fused-300x200.jpg 300w, https:\/\/reisefotograf.org\/wp-content\/uploads\/2017\/10\/IMG_2163_Dunkel_Hell_fused-768x512.jpg 768w, https:\/\/reisefotograf.org\/wp-content\/uploads\/2017\/10\/IMG_2163_Dunkel_Hell_fused-1024x682.jpg 1024w\" sizes=\"(max-width: 1732px) 100vw, 1732px\" \/><\/a><\/figure><\/li><li class=\"blocks-gallery-item\"><figure><a href=\"http:\/\/reisefotograf.org\/?attachment_id=221\"><img loading=\"lazy\" decoding=\"async\" width=\"500\" height=\"334\" src=\"http:\/\/reisefotograf.org\/wp-content\/uploads\/2018\/09\/Prekestolen.jpg\" alt=\"\" data-id=\"221\" data-link=\"http:\/\/reisefotograf.org\/?attachment_id=221\" class=\"wp-image-221\" srcset=\"https:\/\/reisefotograf.org\/wp-content\/uploads\/2018\/09\/Prekestolen.jpg 500w, https:\/\/reisefotograf.org\/wp-content\/uploads\/2018\/09\/Prekestolen-300x200.jpg 300w\" sizes=\"(max-width: 500px) 100vw, 500px\" \/><\/a><\/figure><\/li><li class=\"blocks-gallery-item\"><figure><a href=\"http:\/\/reisefotograf.org\/?attachment_id=252\"><img loading=\"lazy\" decoding=\"async\" width=\"1732\" height=\"1154\" src=\"http:\/\/reisefotograf.org\/wp-content\/uploads\/2017\/10\/IMG_2165.jpg\" alt=\"\" data-id=\"252\" data-link=\"http:\/\/reisefotograf.org\/?attachment_id=252\" class=\"wp-image-252\" srcset=\"https:\/\/reisefotograf.org\/wp-content\/uploads\/2017\/10\/IMG_2165.jpg 1732w, https:\/\/reisefotograf.org\/wp-content\/uploads\/2017\/10\/IMG_2165-300x200.jpg 300w, https:\/\/reisefotograf.org\/wp-content\/uploads\/2017\/10\/IMG_2165-768x512.jpg 768w, https:\/\/reisefotograf.org\/wp-content\/uploads\/2017\/10\/IMG_2165-1024x682.jpg 1024w\" sizes=\"(max-width: 1732px) 100vw, 1732px\" \/><\/a><\/figure><\/li><li class=\"blocks-gallery-item\"><figure><a href=\"http:\/\/reisefotograf.org\/?attachment_id=218\"><img loading=\"lazy\" decoding=\"async\" width=\"500\" height=\"334\" src=\"http:\/\/reisefotograf.org\/wp-content\/uploads\/2018\/09\/Luftbild.jpg\" alt=\"\" data-id=\"218\" data-link=\"http:\/\/reisefotograf.org\/?attachment_id=218\" class=\"wp-image-218\" srcset=\"https:\/\/reisefotograf.org\/wp-content\/uploads\/2018\/09\/Luftbild.jpg 500w, https:\/\/reisefotograf.org\/wp-content\/uploads\/2018\/09\/Luftbild-300x200.jpg 300w\" sizes=\"(max-width: 500px) 100vw, 500px\" \/><\/a><\/figure><\/li><\/ul><\/figure>\n\n\n\n<p>Nach der R\u00fcckkehr erkunden wir die Altstadt. In dem Viertel \u00fcberall wei\u00dfe Holzh\u00e4user mit bunten Blumen vor den Fenstern, kleine G\u00e4rten und Gassen. Hier hat man das Gef\u00fchl, dass die Zeit stehengeblieben ist, bis man den Kopf hebt und die Umrisse der AIDAluna sieht.<\/p>\n\n\n\n<figure class=\"wp-block-gallery columns-3 is-cropped wp-block-gallery-3 is-layout-flex wp-block-gallery-is-layout-flex\"><ul class=\"blocks-gallery-grid\"><li class=\"blocks-gallery-item\"><figure><img loading=\"lazy\" decoding=\"async\" width=\"1732\" height=\"1154\" src=\"http:\/\/reisefotograf.org\/wp-content\/uploads\/2017\/10\/IMG_2220_Dunkel_Hell_fused.jpg\" alt=\"\" data-id=\"247\" data-link=\"http:\/\/reisefotograf.org\/?attachment_id=247\" class=\"wp-image-247\" srcset=\"https:\/\/reisefotograf.org\/wp-content\/uploads\/2017\/10\/IMG_2220_Dunkel_Hell_fused.jpg 1732w, https:\/\/reisefotograf.org\/wp-content\/uploads\/2017\/10\/IMG_2220_Dunkel_Hell_fused-300x200.jpg 300w, https:\/\/reisefotograf.org\/wp-content\/uploads\/2017\/10\/IMG_2220_Dunkel_Hell_fused-768x512.jpg 768w, https:\/\/reisefotograf.org\/wp-content\/uploads\/2017\/10\/IMG_2220_Dunkel_Hell_fused-1024x682.jpg 1024w\" sizes=\"(max-width: 1732px) 100vw, 1732px\" \/><figcaption class=\"blocks-gallery-item__caption\">Spiegelung der Altstadt<\/figcaption><\/figure><\/li><li class=\"blocks-gallery-item\"><figure><img loading=\"lazy\" decoding=\"async\" width=\"500\" height=\"334\" src=\"http:\/\/reisefotograf.org\/wp-content\/uploads\/2018\/09\/IMG_2222_Dunkel_Hell_fused.jpg\" alt=\"\" data-id=\"214\" data-link=\"http:\/\/reisefotograf.org\/?attachment_id=214\" class=\"wp-image-214\" srcset=\"https:\/\/reisefotograf.org\/wp-content\/uploads\/2018\/09\/IMG_2222_Dunkel_Hell_fused.jpg 500w, https:\/\/reisefotograf.org\/wp-content\/uploads\/2018\/09\/IMG_2222_Dunkel_Hell_fused-300x200.jpg 300w\" sizes=\"(max-width: 500px) 100vw, 500px\" \/><figcaption class=\"blocks-gallery-item__caption\">Altstadt <\/figcaption><\/figure><\/li><li class=\"blocks-gallery-item\"><figure><img loading=\"lazy\" decoding=\"async\" width=\"1154\" height=\"1732\" src=\"http:\/\/reisefotograf.org\/wp-content\/uploads\/2017\/10\/IMG_2231_Dunkel_Hell_fused.jpg\" alt=\"\" data-id=\"248\" data-link=\"http:\/\/reisefotograf.org\/?attachment_id=248\" class=\"wp-image-248\" srcset=\"https:\/\/reisefotograf.org\/wp-content\/uploads\/2017\/10\/IMG_2231_Dunkel_Hell_fused.jpg 1154w, https:\/\/reisefotograf.org\/wp-content\/uploads\/2017\/10\/IMG_2231_Dunkel_Hell_fused-200x300.jpg 200w, https:\/\/reisefotograf.org\/wp-content\/uploads\/2017\/10\/IMG_2231_Dunkel_Hell_fused-768x1153.jpg 768w, https:\/\/reisefotograf.org\/wp-content\/uploads\/2017\/10\/IMG_2231_Dunkel_Hell_fused-682x1024.jpg 682w\" sizes=\"(max-width: 1154px) 100vw, 1154px\" \/><\/figure><\/li><li class=\"blocks-gallery-item\"><figure><img loading=\"lazy\" decoding=\"async\" width=\"1154\" height=\"1732\" src=\"http:\/\/reisefotograf.org\/wp-content\/uploads\/2017\/10\/IMG_2232_Dunkel_Hell_fused.jpg\" alt=\"\" data-id=\"249\" data-link=\"http:\/\/reisefotograf.org\/?attachment_id=249\" class=\"wp-image-249\" srcset=\"https:\/\/reisefotograf.org\/wp-content\/uploads\/2017\/10\/IMG_2232_Dunkel_Hell_fused.jpg 1154w, https:\/\/reisefotograf.org\/wp-content\/uploads\/2017\/10\/IMG_2232_Dunkel_Hell_fused-200x300.jpg 200w, https:\/\/reisefotograf.org\/wp-content\/uploads\/2017\/10\/IMG_2232_Dunkel_Hell_fused-768x1153.jpg 768w, https:\/\/reisefotograf.org\/wp-content\/uploads\/2017\/10\/IMG_2232_Dunkel_Hell_fused-682x1024.jpg 682w\" sizes=\"(max-width: 1154px) 100vw, 1154px\" \/><\/figure><\/li><\/ul><\/figure>\n\n\n\n<p>Schon um 14:30 Uhr hei\u00dft es wieder Leinen los. Es hat sich ein wenig zugezogen und ein bisschen Regen f\u00e4llt. Oslo, wir kommen.&nbsp; (329 Seemeilen).<\/p>\n\n\n\n<!--nextpage-->\n\n\n\n<h2 class=\"wp-block-heading\"><strong>Oslo<\/strong><\/h2>\n\n\n\n<p class=\"has-drop-cap\">Heute k\u00f6nnen wir l\u00e4nger schlafen. Einlaufen in Oslo ist gegen 14 Uhr geplant und somit g\u00f6nnen wir uns die Nacht bis 9 Uhr morgens. Wir fr\u00fchst\u00fccken und sind danach bei sonnigen 17 Grad &nbsp;auf dem Oberdeck 12 unterwegs. Oslo liegt am Ende des Oslofjordes und auch hier ist die uns nun&nbsp; schon bekannte Landschaft zu bewundern. \u00dcberall kleine felsige Inseln, die geschichtlich bekannte&nbsp;Insel S\u00fcd-Kaholmen mit der zum Museum umgebauten&nbsp;<a href=\"http:\/\/de.wikipedia.org\/wiki\/K%C3%BCstengesch%C3%BCtz\">K\u00fcstenbatterie<\/a>&nbsp;<a href=\"http:\/\/de.wikipedia.org\/wiki\/Oscarsborg\">Oscarsborg<\/a>, die im 2. Weltkrieg das deutsche Schlachtschiff Bl\u00fccher versenkte. Trotz der Wiederholung von Felsen, kleinen bunten H\u00e4usern, Leuchtt\u00fcrmen und Inseln k\u00f6nnen wir uns nicht satt sehen und genie\u00dfen die Aussicht.<\/p>\n\n\n\n<figure class=\"wp-block-image\"><img loading=\"lazy\" decoding=\"async\" width=\"1024\" height=\"682\" src=\"http:\/\/reisefotograf.org\/wp-content\/uploads\/2017\/10\/Oslo-Sch\u00e4re-1024x682.jpg\" alt=\"\" class=\"wp-image-286\" srcset=\"https:\/\/reisefotograf.org\/wp-content\/uploads\/2017\/10\/Oslo-Sch\u00e4re-1024x682.jpg 1024w, https:\/\/reisefotograf.org\/wp-content\/uploads\/2017\/10\/Oslo-Sch\u00e4re-300x200.jpg 300w, https:\/\/reisefotograf.org\/wp-content\/uploads\/2017\/10\/Oslo-Sch\u00e4re-768x512.jpg 768w, https:\/\/reisefotograf.org\/wp-content\/uploads\/2017\/10\/Oslo-Sch\u00e4re.jpg 1732w\" sizes=\"(max-width: 1024px) 100vw, 1024px\" \/><\/figure>\n\n\n\n<p>In der Ferne r\u00fcckt Oslo immer n\u00e4her und wir legen p\u00fcnktlich um 14 Uhr direkt neben der Festung Akershus an. Vom 9. Deck aus haben wir eine tolle Aussicht auf die Anlage.<\/p>\n\n\n\n<p>Leider ist der Landgang in Oslo nur ein paar Stunden m\u00f6glich. Bereits um 19:30 Uhr m\u00fcssen alle wieder an Bord sein. Nicht viel Zeit f\u00fcr eine gro\u00dfe Stadt wie Oslo, in der es so viele Ausflugsziele gibt. Hier k\u00f6nnten wir locker eine Woche auf Entdeckungsreise gehen und so wird &nbsp;die Stadt nur rund um den Liegeplatz, dem Rathaus und dem modernen Aker Brygge besichtigt.<\/p>\n\n\n\n<figure class=\"wp-block-gallery columns-3 is-cropped wp-block-gallery-4 is-layout-flex wp-block-gallery-is-layout-flex\"><ul class=\"blocks-gallery-grid\"><li class=\"blocks-gallery-item\"><figure><img loading=\"lazy\" decoding=\"async\" width=\"1024\" height=\"682\" src=\"http:\/\/reisefotograf.org\/wp-content\/uploads\/2019\/03\/Oslo2-1024x682.jpg\" alt=\"\" data-id=\"289\" data-link=\"http:\/\/reisefotograf.org\/?attachment_id=289\" class=\"wp-image-289\" srcset=\"https:\/\/reisefotograf.org\/wp-content\/uploads\/2019\/03\/Oslo2-1024x682.jpg 1024w, https:\/\/reisefotograf.org\/wp-content\/uploads\/2019\/03\/Oslo2-300x200.jpg 300w, https:\/\/reisefotograf.org\/wp-content\/uploads\/2019\/03\/Oslo2-768x512.jpg 768w, https:\/\/reisefotograf.org\/wp-content\/uploads\/2019\/03\/Oslo2.jpg 1732w\" sizes=\"(max-width: 1024px) 100vw, 1024px\" \/><\/figure><\/li><li class=\"blocks-gallery-item\"><figure><img loading=\"lazy\" decoding=\"async\" width=\"1024\" height=\"682\" src=\"http:\/\/reisefotograf.org\/wp-content\/uploads\/2019\/03\/Oslo3-1024x682.jpg\" alt=\"\" data-id=\"290\" data-link=\"http:\/\/reisefotograf.org\/?attachment_id=290\" class=\"wp-image-290\" srcset=\"https:\/\/reisefotograf.org\/wp-content\/uploads\/2019\/03\/Oslo3-1024x682.jpg 1024w, https:\/\/reisefotograf.org\/wp-content\/uploads\/2019\/03\/Oslo3-300x200.jpg 300w, https:\/\/reisefotograf.org\/wp-content\/uploads\/2019\/03\/Oslo3-768x512.jpg 768w, https:\/\/reisefotograf.org\/wp-content\/uploads\/2019\/03\/Oslo3.jpg 1732w\" sizes=\"(max-width: 1024px) 100vw, 1024px\" \/><\/figure><\/li><li class=\"blocks-gallery-item\"><figure><img loading=\"lazy\" decoding=\"async\" width=\"1024\" height=\"682\" src=\"http:\/\/reisefotograf.org\/wp-content\/uploads\/2019\/03\/Oslo4-1024x682.jpg\" alt=\"\" data-id=\"291\" data-link=\"http:\/\/reisefotograf.org\/?attachment_id=291\" class=\"wp-image-291\" srcset=\"https:\/\/reisefotograf.org\/wp-content\/uploads\/2019\/03\/Oslo4-1024x682.jpg 1024w, https:\/\/reisefotograf.org\/wp-content\/uploads\/2019\/03\/Oslo4-300x200.jpg 300w, https:\/\/reisefotograf.org\/wp-content\/uploads\/2019\/03\/Oslo4-768x512.jpg 768w, https:\/\/reisefotograf.org\/wp-content\/uploads\/2019\/03\/Oslo4.jpg 1732w\" sizes=\"(max-width: 1024px) 100vw, 1024px\" \/><\/figure><\/li><li class=\"blocks-gallery-item\"><figure><img loading=\"lazy\" decoding=\"async\" width=\"1024\" height=\"682\" src=\"http:\/\/reisefotograf.org\/wp-content\/uploads\/2017\/10\/Oslo5-1024x682.jpg\" alt=\"\" data-id=\"293\" data-link=\"http:\/\/reisefotograf.org\/?attachment_id=293\" class=\"wp-image-293\" srcset=\"https:\/\/reisefotograf.org\/wp-content\/uploads\/2017\/10\/Oslo5-1024x682.jpg 1024w, https:\/\/reisefotograf.org\/wp-content\/uploads\/2017\/10\/Oslo5-300x200.jpg 300w, https:\/\/reisefotograf.org\/wp-content\/uploads\/2017\/10\/Oslo5-768x512.jpg 768w, https:\/\/reisefotograf.org\/wp-content\/uploads\/2017\/10\/Oslo5.jpg 1732w\" sizes=\"(max-width: 1024px) 100vw, 1024px\" \/><\/figure><\/li><\/ul><\/figure>\n\n\n\n<p>Als Hamburger hat man am Aker Brygge den Eindruck, dass unsere Hamburger Hafencity hier einen Ableger bekommen hat. Sehr moderne Geb\u00e4ude mit Szene-Cafes, Wohnungen, Restaurants und Bootsanlegern.<\/p>\n\n\n\n<figure class=\"wp-block-image\"><img decoding=\"async\" src=\"http:\/\/www.phototrips.eu\/images\/trips\/Norwegen\/IMG_2398_Dunkel_Hell_fused.jpg\" alt=\"\"\/><\/figure>\n\n\n\n<p>P\u00fcnktlich um 20 Uhr legt das Schiff nach viel zu kurzer Liegezeit wieder ab und wir fahren in den tollen Sonnenuntergang, gefolgt von den zahlreichen M\u00f6wen. Tsch\u00fcss Norwegen. Unser letzter Reiseabschnitt beginnt. (490 Seemeilen).<\/p>\n\n\n\n<h2 class=\"wp-block-heading\"><strong>Seetag und Ankunft in Hamburg<\/strong><\/h2>\n\n\n\n<p class=\"has-drop-cap\">Bei bestem Wetter, sommerlichen Temperaturen und einer sehr ruhigen Nordsee verbringen wir auf dem Pooldeck der AIDAluna die letzten Stunden. Gegen Abend dann, in H\u00f6he der Deutschen Bucht, wird es nun doch sehr frisch und der Wind nimmt min\u00fctlich zu. Trotzdem ist die Abschiedsparty auf dem Pooldeck ein Mu\u00df, wenn auch mit dicker Jacke. Kurz vor Cuxhaven begegnet uns wieder die AIDAsol und zusammen laufen wir die Elbe runter. Den Sonnenaufgang am n\u00e4chsten Morgen lassen wir uns nat\u00fcrlich nicht nehmen.<\/p>\n\n\n\n<figure class=\"wp-block-image is-resized\"><img loading=\"lazy\" decoding=\"async\" src=\"http:\/\/reisefotograf.org\/wp-content\/uploads\/2018\/09\/IMG_2649_Dunkel_Hell_fused.jpg\" alt=\"\" class=\"wp-image-215\" width=\"593\" height=\"396\" srcset=\"https:\/\/reisefotograf.org\/wp-content\/uploads\/2018\/09\/IMG_2649_Dunkel_Hell_fused.jpg 500w, https:\/\/reisefotograf.org\/wp-content\/uploads\/2018\/09\/IMG_2649_Dunkel_Hell_fused-300x200.jpg 300w\" sizes=\"(max-width: 593px) 100vw, 593px\" \/><\/figure>\n\n\n\n<h2 class=\"wp-block-heading\">Die Karte zur Reise<\/h2>\n\n\n\n<iframe loading=\"lazy\" src=\"https:\/\/www.google.de\/maps\/d\/embed?mid=1MGtoeebtrJ3fbXyWO-uXaxETj58\" width=\"640\" height=\"480\"><\/iframe>\n","protected":false},"excerpt":{"rendered":"<div class=\"mh-excerpt\"><p>Norwegen, mit der AIDAluna. Ich bin sehr gespannt, kenne ich doch Norwegen von mehrere Urlauben her, die aber allesamt schon vor 20 Jahren erlebt wurden. <a class=\"mh-excerpt-more\" href=\"https:\/\/reisefotograf.org\/?p=1\" title=\"Norwegen mit AIDA\">[&#8230;]<\/a><\/p>\n<\/div>","protected":false},"author":1,"featured_media":42,"comment_status":"closed","ping_status":"open","sticky":false,"template":"","format":"standard","meta":{"saved_in_kubio":false,"footnotes":""},"categories":[5,1],"tags":[16,15,18,21,23,6,22,26,28,25,17,19,29,27,20,24],"class_list":["post-1","post","type-post","status-publish","format-standard","has-post-thumbnail","hentry","category-kreuzfahrten","category-reisen","tag-aida","tag-aidaluna","tag-bergen","tag-eidfjord","tag-elbe","tag-hamburg","tag-kreuzfahrt","tag-kussmund","tag-matthas-tomforde","tag-nordsee","tag-norwegen","tag-oslo","tag-phototrips","tag-reisefotograf","tag-stavanger","tag-wasser"],"_links":{"self":[{"href":"https:\/\/reisefotograf.org\/index.php?rest_route=\/wp\/v2\/posts\/1","targetHints":{"allow":["GET"]}}],"collection":[{"href":"https:\/\/reisefotograf.org\/index.php?rest_route=\/wp\/v2\/posts"}],"about":[{"href":"https:\/\/reisefotograf.org\/index.php?rest_route=\/wp\/v2\/types\/post"}],"author":[{"embeddable":true,"href":"https:\/\/reisefotograf.org\/index.php?rest_route=\/wp\/v2\/users\/1"}],"replies":[{"embeddable":true,"href":"https:\/\/reisefotograf.org\/index.php?rest_route=%2Fwp%2Fv2%2Fcomments&post=1"}],"version-history":[{"count":37,"href":"https:\/\/reisefotograf.org\/index.php?rest_route=\/wp\/v2\/posts\/1\/revisions"}],"predecessor-version":[{"id":489,"href":"https:\/\/reisefotograf.org\/index.php?rest_route=\/wp\/v2\/posts\/1\/revisions\/489"}],"wp:featuredmedia":[{"embeddable":true,"href":"https:\/\/reisefotograf.org\/index.php?rest_route=\/wp\/v2\/media\/42"}],"wp:attachment":[{"href":"https:\/\/reisefotograf.org\/index.php?rest_route=%2Fwp%2Fv2%2Fmedia&parent=1"}],"wp:term":[{"taxonomy":"category","embeddable":true,"href":"https:\/\/reisefotograf.org\/index.php?rest_route=%2Fwp%2Fv2%2Fcategories&post=1"},{"taxonomy":"post_tag","embeddable":true,"href":"https:\/\/reisefotograf.org\/index.php?rest_route=%2Fwp%2Fv2%2Ftags&post=1"}],"curies":[{"name":"wp","href":"https:\/\/api.w.org\/{rel}","templated":true}]}}